{"id":75999,"date":"2025-12-12T14:20:40","date_gmt":"2025-12-12T11:20:40","guid":{"rendered":"https:\/\/www.tekislastik.com\/?p=75999"},"modified":"2026-02-27T12:55:42","modified_gmt":"2026-02-27T09:55:42","slug":"baskili-kurdele","status":"publish","type":"post","link":"https:\/\/www.tekislastik.com\/tr\/baskili-kurdele\/","title":{"rendered":"Bask\u0131l\u0131 Kurdele"},"content":{"rendered":"[vc_row pix_particles_check=&#8221;&#8221;][vc_column][vc_column_text]\r\n<h1><strong>Bask\u0131l\u0131 Kurdele<\/strong><\/h1>\r\n&nbsp;\r\n<h2><strong><span lang=\"EN-US\">Logo Bask\u0131l\u0131 Kurdele Fiyatlar\u0131 \u2013 Toptan \u00dcretim<\/span><\/strong><\/h2>\r\n&nbsp;\r\n\r\n<a href=\"https:\/\/www.tekislastik.com\/tr\/urunler\/lastik\/dokuma-lastik\/baskili-lastik\/\">Logo bask\u0131l\u0131 kurdele<\/a>, markalar\u0131n paketleme s\u00fcre\u00e7lerinde en \u00e7ok tercih etti\u011fi kurumsal kimlik unsurlar\u0131ndan biridir.\r\nFoil, transfer veya flekso bask\u0131 teknikleriyle uygulanabilir ve \u00f6zellikle butik markalar, e-ticaret sat\u0131c\u0131lar\u0131, \u00e7i\u00e7ek\u00e7iler\r\nve organizasyon firmalar\u0131 taraf\u0131ndan yo\u011fun olarak kullan\u0131l\u0131r.\r\n\r\nFiyatland\u0131rma; bask\u0131 tipi, kurdele geni\u015fli\u011fi, renk say\u0131s\u0131 ve sipari\u015f metraj\u0131na g\u00f6re belirlenir.\r\n<a href=\"https:\/\/www.habbyaccessories.com.tr\/urun\/2-5cm-dokuma-lastik\/\" target=\"_blank\" rel=\"noopener\">TEK\u0130\u015e<\/a> olarak y\u00fcksek \u00e7\u00f6z\u00fcn\u00fcrl\u00fckl\u00fc bask\u0131 kalitesini h\u0131zl\u0131 \u00fcretim ve toptan fiyat avantaj\u0131 ile sunuyoruz.\r\nMinimum \u00fcretim genelde 1.000\u20132.000 m aras\u0131nda de\u011fi\u015fmektedir.\r\n\r\n[\/vc_column_text][\/vc_column][\/vc_row][vc_row pix_particles_check=&#8221;&#8221;][vc_column width=&#8221;1\/3&#8243;]<a href=\"https:\/\/wa.me\/905464291331?text=Merhaba, Teki\u015f Lastik \u00fcr\u00fcnleri hakk\u0131nda bilgi almak istiyorum.\" class=\"btn mb-2    vc_custom_1765538708394  btn-primary d-inline-block      btn-md\" target=\"_blank\" rel=\"noopener\"><i class=\"font-weight-bold pixicon-whatsapp2   mr-1\"><\/i> <span class=\"font-weight-bold \" >Whatsapp'tan \u0130leti\u015fime Ge\u00e7<\/span><\/a>[\/vc_column][vc_column width=&#8221;1\/3&#8243;]<span  class=\"btn mb-2     btn-secondary d-inline-block      btn-md\"     ><i class=\"font-weight-bold pixicon-file2   mr-1\"><\/i> <span class=\"font-weight-bold \" >\u00fcr\u00fcnlerimizi g\u00f6r<\/span><\/span>[\/vc_column][vc_column width=&#8221;1\/3&#8243;]<a href=\"https:\/\/www.tekislastik.com\/tr\/toptan-fiyat-teklif-formu\/\" class=\"btn mb-2     btn-primary d-inline-block      btn-md\" target=\"_blank\" rel=\"noopener\"><i class=\"font-weight-bold pixicon-dollar-coin   mr-1\"><\/i> <span class=\"font-weight-bold \" >Toptan Fiyat Teklifi Al<\/span><\/a>[\/vc_column][\/vc_row]","protected":false},"excerpt":{"rendered":"[vc_row pix_particles_check=&#8221;&#8221;][vc_column][vc_column_text] Bask\u0131l\u0131 Kurdele &nbsp; Logo Bask\u0131l\u0131 Kurdele Fiyatlar\u0131 \u2013 Toptan \u00dcretim &nbsp; Logo bask\u0131l\u0131 kurdele, markalar\u0131n paketleme s\u00fcre\u00e7lerinde en \u00e7ok tercih etti\u011fi kurumsal kimlik unsurlar\u0131ndan biridir. Foil, transfer veya flekso bask\u0131 teknikleriyle uygulanabilir ve \u00f6zellikle butik markalar, e-ticaret sat\u0131c\u0131lar\u0131,&#8230;","protected":false},"author":1,"featured_media":0,"comment_status":"open","ping_status":"open","sticky":false,"template":"","format":"standard","meta":{"footnotes":""},"categories":[229],"tags":[4700,644,5658,819,254,4755,253,642,6457,6377,640],"class_list":["post-75999","post","type-post","status-publish","format-standard","hentry","category-uncategorized-tr","tag-baski","tag-baskili-kurdele","tag-color-tr","tag-e-ticaret","tag-kurdele","tag-kurumsal","tag-lastik","tag-paketleme","tag-renk","tag-tekis-lastik","tag-transfer"],"_links":{"self":[{"href":"https:\/\/www.tekislastik.com\/tr\/wp-json\/wp\/v2\/posts\/75999","targetHints":{"allow":["GET"]}}],"collection":[{"href":"https:\/\/www.tekislastik.com\/tr\/wp-json\/wp\/v2\/posts"}],"about":[{"href":"https:\/\/www.tekislastik.com\/tr\/wp-json\/wp\/v2\/types\/post"}],"author":[{"embeddable":true,"href":"https:\/\/www.tekislastik.com\/tr\/wp-json\/wp\/v2\/users\/1"}],"replies":[{"embeddable":true,"href":"https:\/\/www.tekislastik.com\/tr\/wp-json\/wp\/v2\/comments?post=75999"}],"version-history":[{"count":5,"href":"https:\/\/www.tekislastik.com\/tr\/wp-json\/wp\/v2\/posts\/75999\/revisions"}],"predecessor-version":[{"id":78872,"href":"https:\/\/www.tekislastik.com\/tr\/wp-json\/wp\/v2\/posts\/75999\/revisions\/78872"}],"wp:attachment":[{"href":"https:\/\/www.tekislastik.com\/tr\/wp-json\/wp\/v2\/media?parent=75999"}],"wp:term":[{"taxonomy":"category","embeddable":true,"href":"https:\/\/www.tekislastik.com\/tr\/wp-json\/wp\/v2\/categories?post=75999"},{"taxonomy":"post_tag","embeddable":true,"href":"https:\/\/www.tekislastik.com\/tr\/wp-json\/wp\/v2\/tags?post=75999"}],"curies":[{"name":"wp","href":"https:\/\/api.w.org\/{rel}","templated":true}]}}