{"id":62324,"date":"2021-12-25T17:53:58","date_gmt":"2021-12-25T14:53:58","guid":{"rendered":"https:\/\/www.tekislastik.com\/?p=62324"},"modified":"2026-03-05T11:54:41","modified_gmt":"2026-03-05T08:54:41","slug":"moda-tasarim-calistayindaydik","status":"publish","type":"post","link":"https:\/\/www.tekislastik.com\/tr\/moda-tasarim-calistayindaydik\/","title":{"rendered":"Moda Tasar\u0131m \u00c7al\u0131\u015ftay\u0131ndayd\u0131k"},"content":{"rendered":"","protected":false},"excerpt":{"rendered":"","protected":false},"author":1,"featured_media":62325,"comment_status":"open","ping_status":"open","sticky":false,"template":"","format":"standard","meta":{"footnotes":""},"categories":[1019],"tags":[706,6737,6545],"class_list":["post-62324","post","type-post","status-publish","format-standard","has-post-thumbnail","hentry","category-etkinlikler-ve-fuarlar","tag-moda","tag-moda-tasarim","tag-tasarim"],"_links":{"self":[{"href":"https:\/\/www.tekislastik.com\/tr\/wp-json\/wp\/v2\/posts\/62324","targetHints":{"allow":["GET"]}}],"collection":[{"href":"https:\/\/www.tekislastik.com\/tr\/wp-json\/wp\/v2\/posts"}],"about":[{"href":"https:\/\/www.tekislastik.com\/tr\/wp-json\/wp\/v2\/types\/post"}],"author":[{"embeddable":true,"href":"https:\/\/www.tekislastik.com\/tr\/wp-json\/wp\/v2\/users\/1"}],"replies":[{"embeddable":true,"href":"https:\/\/www.tekislastik.com\/tr\/wp-json\/wp\/v2\/comments?post=62324"}],"version-history":[{"count":1,"href":"https:\/\/www.tekislastik.com\/tr\/wp-json\/wp\/v2\/posts\/62324\/revisions"}],"predecessor-version":[{"id":79035,"href":"https:\/\/www.tekislastik.com\/tr\/wp-json\/wp\/v2\/posts\/62324\/revisions\/79035"}],"wp:featuredmedia":[{"embeddable":true,"href":"https:\/\/www.tekislastik.com\/tr\/wp-json\/wp\/v2\/media\/62325"}],"wp:attachment":[{"href":"https:\/\/www.tekislastik.com\/tr\/wp-json\/wp\/v2\/media?parent=62324"}],"wp:term":[{"taxonomy":"category","embeddable":true,"href":"https:\/\/www.tekislastik.com\/tr\/wp-json\/wp\/v2\/categories?post=62324"},{"taxonomy":"post_tag","embeddable":true,"href":"https:\/\/www.tekislastik.com\/tr\/wp-json\/wp\/v2\/tags?post=62324"}],"curies":[{"name":"wp","href":"https:\/\/api.w.org\/{rel}","templated":true}]}}