{"id":62269,"date":"2021-12-05T18:24:02","date_gmt":"2021-12-05T15:24:02","guid":{"rendered":"https:\/\/www.tekislastik.com\/?p=62269"},"modified":"2026-03-05T12:07:46","modified_gmt":"2026-03-05T09:07:46","slug":"surdurulebilirlik-calismalarimizi-anlattik","status":"publish","type":"post","link":"https:\/\/www.tekislastik.com\/tr\/surdurulebilirlik-calismalarimizi-anlattik\/","title":{"rendered":"S\u00fcrd\u00fcr\u00fclebilirlik \u00c7al\u0131\u015fmalar\u0131m\u0131z\u0131 Anlatt\u0131k"},"content":{"rendered":"[vc_row pix_particles_check=&#8221;&#8221;][vc_column][vc_column_text el_class=&#8221;text-darking&#8221;]\r\n<h2 style=\"text-align: center;\"><strong>S\u00dcRD\u00dcR\u00dcLEB\u0130L\u0130RL\u0130K \u00c7ALI\u015eMALARIMIZ \u0130LE \u0130LG\u0130L\u0130 KONU\u015eTUK<\/strong><\/h2>\r\n&nbsp;\r\n<h2><strong>S\u00fcrd\u00fcr\u00fclebilirlik \u00c7al\u0131\u015fmalar\u0131m\u0131z\u0131 Anlatt\u0131k<\/strong><\/h2>\r\n&nbsp;\r\n\r\nS\u00fcrd\u00fcr\u00fclebilirlik \u00c7al\u0131\u015fmalar\u0131m\u0131z\u0131 Anlatt\u0131k <a href=\"https:\/\/www.tekislastik.com\/tr\/\">Teki\u015f Lastik<\/a> Ar&amp; Ge M\u00fcd\u00fcr\u00fc Remzi DURMU\u015e, ST End\u00fcstri Radyo\u2019da Program Sunucusu \u00c7etin \u00dcNSALAN\u2019\u0131n s\u00fcrd\u00fcr\u00fclebilirlik ile ilgili sorular\u0131n\u0131 yan\u0131tlad\u0131. Durmu\u015f, bu kapsamda, s\u00fcrd\u00fcrebilirli\u011fin \u00f6nemi ve <a href=\"https:\/\/www.habbyaccessories.com.tr\/\" target=\"_blank\" rel=\"noopener\">Teki\u015f Lastik<\/a> \u2019in s\u00fcrd\u00fcr\u00fclebilirlik ile ilgili yapt\u0131\u011f\u0131 \u00e7al\u0131\u015fmalar hakk\u0131nda bilgiler verdi.\r\n\r\nS\u00fcrd\u00fcr\u00fclebilirlik \u00c7al\u0131\u015fmalar\u0131m\u0131z\u0131 Anlatt\u0131k, 1970\u2019lerde Birle\u015fmi\u015f Milletler \u2019in de yo\u011fun giri\u015fimleri sonucu g\u00fcndeme gelen bir konuydu. Bu s\u00fcre\u00e7 i\u00e7erisinde Paris \u0130klim Antla\u015fmas\u0131, Avrupa Ye\u015fil Mutabakat\u0131 gibi \u00e7al\u0131\u015fmalar ile kamuoyunun g\u00fcndemine daha \u00e7ok gelmeye ba\u015flad\u0131. An\u0131 zamanda ya\u015fanan iklim de\u011fi\u015fimleri de toplumlar\u0131n dikkatini \u00e7ekmektedir. \u0130nsanl\u0131k olarak s\u0131cakl\u0131k art\u0131\u015f\u0131n\u0131 iki santigrat derecenin alt\u0131nda tutamazsak bu D\u00fcnyam\u0131z i\u00e7in b\u00fcy\u00fck bir felaket olacakt\u0131r. Daha \u00e7ok \u00e7ocuk g\u0131daya eri\u015femeyecek, daha \u00e7ok arazi ekilemeyecek, daha \u00e7ok insan su krizi ile kar\u015f\u0131 kar\u015f\u0131ya kalacakt\u0131r.\r\n\r\nBizler \u015firket olarak do\u011fan\u0131n korunmas\u0131, \u00e7evresel y\u00f6netim, sosyal geli\u015fim, adil ticaret, eko verimlilik,\u00a0 at\u0131k y\u00f6netimi \u00f6nem verdi\u011fimiz konular\u0131n ba\u015f\u0131nda gelmektedir. Bu kapsamda personellerimize de s\u00fcrd\u00fcrebilirli\u011fin \u00f6nemini ve Teki\u015f olarak s\u00fcrd\u00fcr\u00fclebilirlik politikalar\u0131m\u0131z\u0131 anlatmaktay\u0131z. Yine bu ba\u011flamda \u0130stanbul Tekstil ve Hammaddeleri \u0130hracat\u00e7\u0131lar\u0131 Birli\u011fi (\u0130TH\u0130B) ve Ticaret Bakanl\u0131\u011f\u0131 ortakl\u0131\u011f\u0131nda geli\u015ftirilen \u2018\u2018S\u00fcrd\u00fcr\u00fclebilir Tekstiller\u2019\u2019 Ur &amp; Ge projesine dahil olduk.\u00a0\u00a0 Nitekim bu proje tekstil sekt\u00f6r\u00fcnde \u00fclkemizdeki ilk Ur &amp; Ge projesidir. S\u00fcrd\u00fcr\u00fclebilirli\u011fin \u00f6nemini anlatmak i\u00e7in \u00e7e\u015fitli medya kurulu\u015flar\u0131na da deme\u00e7ler verdik. Payda\u015flar\u0131m\u0131za s\u00fcrd\u00fcrebilirlik politikalar\u0131m\u0131z\u0131 anlatt\u0131k. At\u0131klar\u0131m\u0131z\u0131 dijital ortamda kay\u0131t alt\u0131na ald\u0131k. \u00c7e\u015fitli kurumlarla yapt\u0131\u011f\u0131m\u0131z anla\u015fmalar sonucu at\u0131klar\u0131m\u0131z\u0131n b\u00fcy\u00fck \u00e7o\u011funlu\u011funu buralara veriyoruz. B\u00f6ylelikle d\u00f6ng\u00fcsel bir d\u00f6n\u00fc\u015f\u00fcm sa\u011flanm\u0131\u015f oluyor. Daha ye\u015fil bir T\u00fcrkiye anlay\u0131\u015f\u0131 ile TEMA gibi sivil toplum kurulu\u015flar\u0131na ba\u011f\u0131\u015f yapt\u0131k. \u00dcniversite- Sanayi i\u015fbirli\u011fi ile \u00fcniversitelerde \u00f6\u011frencilere s\u00fcrd\u00fcrebilirli\u011fi anlatt\u0131k. \u00c7al\u0131\u015fmalar\u0131m\u0131z\u0131 ilk g\u00fcnk\u00fc heyecan ve sorumluluk duygusu ile bundan sonra da devam ettirmekte kararl\u0131y\u0131z.[\/vc_column_text][\/vc_column][\/vc_row]","protected":false},"excerpt":{"rendered":"[vc_row pix_particles_check=&#8221;&#8221;][vc_column][vc_column_text el_class=&#8221;text-darking&#8221;] S\u00dcRD\u00dcR\u00dcLEB\u0130L\u0130RL\u0130K \u00c7ALI\u015eMALARIMIZ \u0130LE \u0130LG\u0130L\u0130 KONU\u015eTUK &nbsp; S\u00fcrd\u00fcr\u00fclebilirlik \u00c7al\u0131\u015fmalar\u0131m\u0131z\u0131 Anlatt\u0131k &nbsp; S\u00fcrd\u00fcr\u00fclebilirlik \u00c7al\u0131\u015fmalar\u0131m\u0131z\u0131 Anlatt\u0131k Teki\u015f Lastik Ar&amp; Ge M\u00fcd\u00fcr\u00fc Remzi DURMU\u015e, ST End\u00fcstri Radyo\u2019da Program Sunucusu \u00c7etin \u00dcNSALAN\u2019\u0131n s\u00fcrd\u00fcr\u00fclebilirlik ile ilgili sorular\u0131n\u0131 yan\u0131tlad\u0131. Durmu\u015f, bu kapsamda, s\u00fcrd\u00fcrebilirli\u011fin \u00f6nemi&#8230;","protected":false},"author":1,"featured_media":62270,"comment_status":"open","ping_status":"open","sticky":false,"template":"","format":"standard","meta":{"footnotes":""},"categories":[1018],"tags":[6426,253,7390,6765,4685,6377,632,4137],"class_list":["post-62269","post","type-post","status-publish","format-standard","has-post-thumbnail","hentry","category-haberler","tag-dijital","tag-lastik","tag-rd-tr","tag-surdurulebilir-tekstiller","tag-surdurulebilirlik","tag-tekis-lastik","tag-tekstil","tag-yesil"],"_links":{"self":[{"href":"https:\/\/www.tekislastik.com\/tr\/wp-json\/wp\/v2\/posts\/62269","targetHints":{"allow":["GET"]}}],"collection":[{"href":"https:\/\/www.tekislastik.com\/tr\/wp-json\/wp\/v2\/posts"}],"about":[{"href":"https:\/\/www.tekislastik.com\/tr\/wp-json\/wp\/v2\/types\/post"}],"author":[{"embeddable":true,"href":"https:\/\/www.tekislastik.com\/tr\/wp-json\/wp\/v2\/users\/1"}],"replies":[{"embeddable":true,"href":"https:\/\/www.tekislastik.com\/tr\/wp-json\/wp\/v2\/comments?post=62269"}],"version-history":[{"count":3,"href":"https:\/\/www.tekislastik.com\/tr\/wp-json\/wp\/v2\/posts\/62269\/revisions"}],"predecessor-version":[{"id":79036,"href":"https:\/\/www.tekislastik.com\/tr\/wp-json\/wp\/v2\/posts\/62269\/revisions\/79036"}],"wp:featuredmedia":[{"embeddable":true,"href":"https:\/\/www.tekislastik.com\/tr\/wp-json\/wp\/v2\/media\/62270"}],"wp:attachment":[{"href":"https:\/\/www.tekislastik.com\/tr\/wp-json\/wp\/v2\/media?parent=62269"}],"wp:term":[{"taxonomy":"category","embeddable":true,"href":"https:\/\/www.tekislastik.com\/tr\/wp-json\/wp\/v2\/categories?post=62269"},{"taxonomy":"post_tag","embeddable":true,"href":"https:\/\/www.tekislastik.com\/tr\/wp-json\/wp\/v2\/tags?post=62269"}],"curies":[{"name":"wp","href":"https:\/\/api.w.org\/{rel}","templated":true}]}}