{"id":62256,"date":"2021-02-05T18:15:53","date_gmt":"2021-02-05T15:15:53","guid":{"rendered":"https:\/\/www.tekislastik.com\/?p=62256"},"modified":"2026-03-05T12:26:03","modified_gmt":"2026-03-05T09:26:03","slug":"bengu-turkte-basari-hikayemizi-anlattik","status":"publish","type":"post","link":"https:\/\/www.tekislastik.com\/tr\/bengu-turkte-basari-hikayemizi-anlattik\/","title":{"rendered":"Beng\u00fc T\u00fcrk&#8217;te Ba\u015far\u0131 Hikayemizi Anlatt\u0131k"},"content":{"rendered":"[vc_row pix_particles_check=&#8221;&#8221;][vc_column][vc_column_text el_class=&#8221;text-darking&#8221;]\r\n<h1 style=\"text-align: center;\">Beng\u00fc T\u00fcrk&#8217;te Ba\u015far\u0131 Hikayemizi Anlatt\u0131k<\/h1>\r\n&nbsp;\r\n<h2>Beng\u00fc T\u00fcrk&#8217;te Ba\u015far\u0131 Hikayemizi Anlatt\u0131k;<\/h2>\r\n<a href=\"https:\/\/www.tekislastik.com\/tr\/\">Teki\u015f Lastik<\/a> Genel M\u00fcd\u00fcr\u00fc Kenan TEK\u0130N, Beng\u00fc T\u00fcrk TV\u2019de yay\u0131nlanan Sekt\u00f6r Analiz program\u0131nda Bilge SEB\u0130LC\u0130O\u011eLU\u2019nun<a href=\"https:\/\/www.oeko-tex.com\/en\/\" target=\"_blank\" rel=\"noopener\"> sorular\u0131n\u0131<\/a> yan\u0131tlad\u0131.[\/vc_column_text][\/vc_column][\/vc_row]","protected":false},"excerpt":{"rendered":"[vc_row pix_particles_check=&#8221;&#8221;][vc_column][vc_column_text el_class=&#8221;text-darking&#8221;] Beng\u00fc T\u00fcrk&#8217;te Ba\u015far\u0131 Hikayemizi Anlatt\u0131k &nbsp; Beng\u00fc T\u00fcrk&#8217;te Ba\u015far\u0131 Hikayemizi Anlatt\u0131k; Teki\u015f Lastik Genel M\u00fcd\u00fcr\u00fc Kenan TEK\u0130N, Beng\u00fc T\u00fcrk TV\u2019de yay\u0131nlanan Sekt\u00f6r Analiz program\u0131nda Bilge SEB\u0130LC\u0130O\u011eLU\u2019nun sorular\u0131n\u0131 yan\u0131tlad\u0131.[\/vc_column_text][\/vc_column][\/vc_row]","protected":false},"author":1,"featured_media":62257,"comment_status":"open","ping_status":"open","sticky":false,"template":"","format":"standard","meta":{"footnotes":""},"categories":[1018],"tags":[253,6377],"class_list":["post-62256","post","type-post","status-publish","format-standard","has-post-thumbnail","hentry","category-haberler","tag-lastik","tag-tekis-lastik"],"_links":{"self":[{"href":"https:\/\/www.tekislastik.com\/tr\/wp-json\/wp\/v2\/posts\/62256","targetHints":{"allow":["GET"]}}],"collection":[{"href":"https:\/\/www.tekislastik.com\/tr\/wp-json\/wp\/v2\/posts"}],"about":[{"href":"https:\/\/www.tekislastik.com\/tr\/wp-json\/wp\/v2\/types\/post"}],"author":[{"embeddable":true,"href":"https:\/\/www.tekislastik.com\/tr\/wp-json\/wp\/v2\/users\/1"}],"replies":[{"embeddable":true,"href":"https:\/\/www.tekislastik.com\/tr\/wp-json\/wp\/v2\/comments?post=62256"}],"version-history":[{"count":2,"href":"https:\/\/www.tekislastik.com\/tr\/wp-json\/wp\/v2\/posts\/62256\/revisions"}],"predecessor-version":[{"id":79044,"href":"https:\/\/www.tekislastik.com\/tr\/wp-json\/wp\/v2\/posts\/62256\/revisions\/79044"}],"wp:featuredmedia":[{"embeddable":true,"href":"https:\/\/www.tekislastik.com\/tr\/wp-json\/wp\/v2\/media\/62257"}],"wp:attachment":[{"href":"https:\/\/www.tekislastik.com\/tr\/wp-json\/wp\/v2\/media?parent=62256"}],"wp:term":[{"taxonomy":"category","embeddable":true,"href":"https:\/\/www.tekislastik.com\/tr\/wp-json\/wp\/v2\/categories?post=62256"},{"taxonomy":"post_tag","embeddable":true,"href":"https:\/\/www.tekislastik.com\/tr\/wp-json\/wp\/v2\/tags?post=62256"}],"curies":[{"name":"wp","href":"https:\/\/api.w.org\/{rel}","templated":true}]}}