{"id":36972,"date":"2022-08-05T11:13:59","date_gmt":"2022-08-05T11:13:59","guid":{"rendered":"https:\/\/www.tekislastik.com\/?p=36972"},"modified":"2026-03-04T17:48:44","modified_gmt":"2026-03-04T14:48:44","slug":"universite-sanayi-isbirligi","status":"publish","type":"post","link":"https:\/\/www.tekislastik.com\/tr\/universite-sanayi-isbirligi\/","title":{"rendered":"\u00dcniversite-Sanayi \u0130\u015fbirli\u011fi"},"content":{"rendered":"[vc_row pix_particles_check=&#8221;&#8221;][vc_column][vc_column_text]\r\n<h1 style=\"text-align: center;\"><strong>\u00dcniversite-Sanayi \u0130\u015fbirli\u011fi<\/strong><\/h1>\r\n[\/vc_column_text][\/vc_column][\/vc_row][vc_row pix_particles_check=&#8221;&#8221;][vc_column]<div class=\"pix-el-text w-100  \" ><p class=\"  text-dark-opacity-6  \" >Bilginin \u00f6nemli bir kayna\u011f\u0131n\u0131n \u00fcniversitelerden sekt\u00f6rlere ge\u00e7ti\u011finin ve sanayinin geli\u015fiminin de \u00fcniversitelerdeki bilgi transferinde yatt\u0131\u011f\u0131n\u0131n fark\u0131nday\u0131z. Bu ba\u011flamda \u00e7al\u0131\u015fmalar\u0131m\u0131z\u0131n hemen hemen her a\u015famas\u0131nda \u00fcniversiteler ile i\u015fbirliklerimizi geli\u015ftirmekteyiz. <a href=\"https:\/\/www.tekislastik.com\/tr\/\">Teki\u015f Lastik<\/a> olarak bunu sadece \u015firketin geli\u015fimi i\u00e7in de\u011fil ayn\u0131 zamanda \u00fcniversitede e\u011fitim g\u00f6ren \u00f6\u011frencilerin geli\u015fimi, sekt\u00f6r\u00fc bilen, yeti\u015fmi\u015f insan g\u00fcc\u00fcn\u00fcn sa\u011flanabilmesi i\u00e7in de sosyal sorumluluk projesi olarak g\u00f6rmekteyiz. Bu kapsamda a\u015fa\u011f\u0131da s\u0131ralayaca\u011f\u0131m\u0131z bir tak\u0131m<a href=\"https:\/\/www.habbyaccessories.com.tr\/\" target=\"_blank\" rel=\"noopener\"> faaliyetler<\/a> s\u00fcrd\u00fcrmekteyiz:<\/p><\/div>[\/vc_column][\/vc_row][vc_row pix_particles_check=&#8221;&#8221;][vc_column][vc_column_text el_class=&#8221;text-darking&#8221;]\r\n<h6>\u00dcniversite-Sanayi \u0130\u015fbirli\u011fi<\/h6>\r\n<strong>Sekt\u00f6rel Geziler:<\/strong> \u00d6\u011frencilerimiz ve akademisyenlerimiz gerek Teki\u015f Lastik olarak gerekse sekt\u00f6r olarak ihtiya\u00e7lar\u0131m\u0131z\u0131, beklentilerimizi, \u00fcretim ve i\u015f yap\u0131\u015f metodolojimizi g\u00f6rmeleri a\u00e7\u0131s\u0131ndan i\u015fbirlikleri kapsam\u0131nda fabrikam\u0131z\u0131 ziyaret etmektedirler. Bu ba\u011flamda Hali\u00e7 \u00dcniversitesi Moda Tasar\u0131m B\u00f6l\u00fcm\u00fc, \u0130stanbul K\u00fclt\u00fcr \u00dcniversitesi Moda Tasar\u0131m Program\u0131 \u00f6\u011frencileri ge\u00e7ti\u011fimiz y\u0131l fabrikam\u0131z\u0131 ziyaret etmi\u015f bulunmaktad\u0131r.[\/vc_column_text][vc_column_text el_class=&#8221;text-darking&#8221;]<strong>Akademik Ziyaretler: <\/strong>\u0130stanbul K\u00fclt\u00fcr \u00dcniversitesi Moda Tasar\u0131m Program\u0131, Hali\u00e7 \u00dcniversitesi Moda Tasar\u0131m B\u00f6l\u00fcm\u00fc, Arel \u00dcniversitesi Moda Tasar\u0131m Program\u0131, Beykent \u00dcniversitesi Moda Tasar\u0131m Program\u0131, \u0130stanbul Geli\u015fim \u00dcniversitesi Yaz\u0131l\u0131m ve Bilgisayar M\u00fchendisli\u011fi B\u00f6l\u00fcm\u00fc, \u0130stanbul Ticaret \u00dcniversitesi \u0130\u015fletme B\u00f6l\u00fcm\u00fc, \u0130stanbul \u00dcniversitesi Enformatik B\u00f6l\u00fcm\u00fc, Atlas \u00dcniversitesi End\u00fcstri M\u00fchendisli\u011fi B\u00f6l\u00fcm\u00fc akademisyenleri \u015firketimizi ziyaret ettiler. \u00c7al\u0131\u015fmalar\u0131m\u0131z ile ilgili bilgiler aktard\u0131k. Ve \u0130kili i\u015fbirlikleri hakk\u0131nda de\u011ferlendirmelerde bulunduk.[\/vc_column_text][vc_column_text el_class=&#8221;text-darking&#8221;]<strong>Protokoller:<\/strong> \u0130stanbul K\u00fclt\u00fcr \u00dcniversitesi Moda Tasar\u0131m Program\u0131, Sabahattin Zaim \u00dcniversitesi Teknoloji Transfer Ofisi ve Alt\u0131nba\u015f \u00dcniversitesi ile i\u015fbirli\u011fi protokolleri ger\u00e7ekle\u015ftirdik.[\/vc_column_text][vc_column_text el_class=&#8221;text-darking&#8221;]<strong>Tasar\u0131m \u00c7al\u0131\u015fmalar\u0131:<\/strong> \u0130\u015fbirli\u011fimiz kapsam\u0131nda Hali\u00e7 \u00dcniversitesi Moda Tasar\u0131m B\u00f6l\u00fcm\u00fc \u00f6\u011frencileri hocalar\u0131 e\u015fli\u011finde Teki\u015f Lastik i\u00e7in tasar\u0131mlar yapt\u0131lar. \u0130stanbul K\u00fclt\u00fcr \u00dcniversitesi Moda Tasar\u0131m Program\u0131 \u00f6\u011frencileri staj \u00e7er\u00e7evesinde tasar\u0131m yapt\u0131lar.[\/vc_column_text][vc_column_text el_class=&#8221;text-darking&#8221;]<strong>Et\u00fcd \u00c7al\u0131\u015fmalar\u0131:<\/strong> Sabahattin Zaim \u00dcniversitesi End\u00fcstri M\u00fchendisli\u011fi \u00f6\u011frencileri, hocalar\u0131n\u0131n ba\u015fkanl\u0131\u011f\u0131nda fabrikam\u0131zda i\u015f et\u00fcd\u00fc \u00e7al\u0131\u015fmas\u0131 yapt\u0131lar. Yapt\u0131klar\u0131 \u00e7al\u0131\u015fmalar hakk\u0131nda da ilgili personellere sunum yapt\u0131lar.[\/vc_column_text][vc_column_text el_class=&#8221;text-darking&#8221;]<strong>Tez \u00c7al\u0131\u015fmas\u0131: <\/strong>Bilgiye, bilime, akademik camiaya katk\u0131s\u0131 olmas\u0131 ve \u015firketimize de bir bak\u0131\u015f a\u00e7\u0131s\u0131 sa\u011flamas\u0131 ba\u011flam\u0131nda, \u015firketimizin dijital d\u00f6n\u00fc\u015f\u00fcm s\u00fcre\u00e7lerinin istatistiksel analizi, geli\u015fimi ile ilgili bir \u00f6\u011fretim \u00fcyesi dan\u0131\u015fmanl\u0131\u011f\u0131nda haz\u0131rlanan y\u00fcksek lisans tezini destekledik.[\/vc_column_text][vc_column_text el_class=&#8221;text-darking&#8221;]<strong>Kariyer Semineri:<\/strong> \u0130stanbul Ticaret \u00dcniversitesi Kariyer Merkezi\u2019nin d\u00fczenlemi\u015f oldu\u011fu \u2018\u2018\u00dcretim S\u00fcre\u00e7lerinde \u0130\u015f Al\u0131m S\u00fcre\u00e7leri ve Kariyer Y\u00f6netimi\u2019\u2019 konulu seminer kapsam\u0131nda \u0130stanbul Ticaret \u00dcniversitesi \u00f6\u011frencilerine sekt\u00f6r\u00fcm\u00fcz, sekt\u00f6r\u00fcm\u00fczde kariyer, sekt\u00f6r\u00fcm\u00fcz\u00fcn ihtiya\u00e7 duydu\u011fu insan g\u00fcc\u00fc, \u015firketimizin insan kaynaklar\u0131 politikas\u0131 hakk\u0131nda detayl\u0131 olarak bilgiler verdik.[\/vc_column_text][\/vc_column][\/vc_row][vc_row pix_particles_check=&#8221;&#8221;][vc_column]<div class=\"pix-el-text w-100  \" ><p class=\"  text-dark-opacity-6  \" >\u00d6n\u00fcm\u00fczdeki s\u00fcre\u00e7te de \u00f6zellikle proje odakl\u0131 \u00fcniversite- sanayi i\u015fbirliklerimizi kararl\u0131l\u0131kla s\u00fcrd\u00fcrmeye devam edece\u011fiz.<span style=\"color: #ffffff;\">-\u00dcniversite-Sanayi \u0130\u015fbirli\u011fi\u00dcniversite-Sanayi \u0130\u015fbirli\u011fi\u00dcniversite-Sanayi \u0130\u015fbirli\u011fi<\/span><\/p><\/div>[\/vc_column][\/vc_row]","protected":false},"excerpt":{"rendered":"[vc_row pix_particles_check=&#8221;&#8221;][vc_column][vc_column_text] \u00dcniversite-Sanayi \u0130\u015fbirli\u011fi [\/vc_column_text][\/vc_column][\/vc_row][vc_row pix_particles_check=&#8221;&#8221;][vc_column][\/vc_column][\/vc_row][vc_row pix_particles_check=&#8221;&#8221;][vc_column][vc_column_text el_class=&#8221;text-darking&#8221;] \u00dcniversite-Sanayi \u0130\u015fbirli\u011fi Sekt\u00f6rel Geziler: \u00d6\u011frencilerimiz ve akademisyenlerimiz gerek Teki\u015f Lastik olarak gerekse sekt\u00f6r olarak ihtiya\u00e7lar\u0131m\u0131z\u0131, beklentilerimizi, \u00fcretim ve i\u015f yap\u0131\u015f metodolojimizi g\u00f6rmeleri a\u00e7\u0131s\u0131ndan i\u015fbirlikleri kapsam\u0131nda fabrikam\u0131z\u0131 ziyaret etmektedirler. Bu ba\u011flamda Hali\u00e7 \u00dcniversitesi&#8230;","protected":false},"author":1,"featured_media":39244,"comment_status":"open","ping_status":"open","sticky":false,"template":"","format":"standard","meta":{"footnotes":""},"categories":[1006],"tags":[6426,4704,6241,7147,7148,6737,7390,637,6545],"class_list":["post-36972","post","type-post","status-publish","format-standard","has-post-thumbnail","hentry","category-blog-tr","tag-dijital","tag-dijitallesme","tag-elastic-tr","tag-fashion-tr","tag-fashion-design-tr","tag-moda-tasarim","tag-rd-tr","tag-taki","tag-tasarim"],"_links":{"self":[{"href":"https:\/\/www.tekislastik.com\/tr\/wp-json\/wp\/v2\/posts\/36972","targetHints":{"allow":["GET"]}}],"collection":[{"href":"https:\/\/www.tekislastik.com\/tr\/wp-json\/wp\/v2\/posts"}],"about":[{"href":"https:\/\/www.tekislastik.com\/tr\/wp-json\/wp\/v2\/types\/post"}],"author":[{"embeddable":true,"href":"https:\/\/www.tekislastik.com\/tr\/wp-json\/wp\/v2\/users\/1"}],"replies":[{"embeddable":true,"href":"https:\/\/www.tekislastik.com\/tr\/wp-json\/wp\/v2\/comments?post=36972"}],"version-history":[{"count":2,"href":"https:\/\/www.tekislastik.com\/tr\/wp-json\/wp\/v2\/posts\/36972\/revisions"}],"predecessor-version":[{"id":78992,"href":"https:\/\/www.tekislastik.com\/tr\/wp-json\/wp\/v2\/posts\/36972\/revisions\/78992"}],"wp:featuredmedia":[{"embeddable":true,"href":"https:\/\/www.tekislastik.com\/tr\/wp-json\/wp\/v2\/media\/39244"}],"wp:attachment":[{"href":"https:\/\/www.tekislastik.com\/tr\/wp-json\/wp\/v2\/media?parent=36972"}],"wp:term":[{"taxonomy":"category","embeddable":true,"href":"https:\/\/www.tekislastik.com\/tr\/wp-json\/wp\/v2\/categories?post=36972"},{"taxonomy":"post_tag","embeddable":true,"href":"https:\/\/www.tekislastik.com\/tr\/wp-json\/wp\/v2\/tags?post=36972"}],"curies":[{"name":"wp","href":"https:\/\/api.w.org\/{rel}","templated":true}]}}