{"id":19352,"date":"2022-03-14T08:16:59","date_gmt":"2022-03-14T08:16:59","guid":{"rendered":"https:\/\/www.tekislastik.com\/tekis-lastikten-dijitallesmeye-yatirim"},"modified":"2026-03-27T09:52:05","modified_gmt":"2026-03-27T06:52:05","slug":"tekis-lastikten-dijitallesmeye-yatirim","status":"publish","type":"post","link":"https:\/\/www.tekislastik.com\/tr\/tekis-lastikten-dijitallesmeye-yatirim\/","title":{"rendered":"Teki\u015f Lastikten Dijitalle\u015fmeye Yat\u0131r\u0131m"},"content":{"rendered":"[vc_row pix_particles_check=&#8221;&#8221;][vc_column][vc_column_text]\r\n<h2 style=\"text-align: center;\"><strong>Teki\u015f Lastikten Dijitalle\u015fmeye Yat\u0131r\u0131m<\/strong><\/h2>\r\n<div class=\"elementor-element elementor-element-684d28f0 elementor-widget elementor-widget-text-editor\" data-id=\"684d28f0\" data-element_type=\"widget\" data-widget_type=\"text-editor.default\">\r\n<div class=\"elementor-widget-container\">\r\n<div class=\"elementor-text-editor elementor-clearfix\">\r\n<div>Teki\u015f Lastikten Dijitalle\u015fmeye Yat\u0131r\u0131m, \u0130stanbul Sanayi Odas\u0131\u2019n\u0131n, Sanayi Bakanl\u0131\u011f\u0131, Avrupa \u0130\u015fletmeler A\u011f\u0131, \u0130leti\u015fim Yaz\u0131l\u0131m\u2019\u0131n katk\u0131lar\u0131 ile<\/div>\r\n<div>haz\u0131rlanan i\u015fletmelerin dijital d\u00f6n\u00fc\u015f\u00fcm yol haritas\u0131 dan\u0131\u015fmanl\u0131k projesi kapsam\u0131nda \u015firketimizin<\/div>\r\n<div>dijital olgunluk analizini \u00f6l\u00e7t\u00fcrd\u00fck. End\u00fcstri 4.0,<a href=\"https:\/\/www.habbyaccessories.com.tr\/\" target=\"_blank\" rel=\"noopener\"> dijitalle\u015fme<\/a>, end\u00fcstriyel devrimler ve sanayilerin<\/div>\r\n<div>geli\u015fimi gibi \u00e7e\u015fitli konular\u0131n sunumu ile ba\u015flayan ve t\u00fcm g\u00fcn s\u00fcren \u00e7al\u0131\u015fmada; \u00fcretim, pazarlama,<\/div>\r\n<div>lojistik, finans, Ar&amp; Ge, bilgi i\u015flem, idari i\u015fler birimlerinin, dijital durumlar\u0131 ele al\u0131nd\u0131.<\/div>\r\n<div>\u015eirketimizin dijital hedef ve politikalar\u0131 kapsam\u0131nda dahil oldu\u011fumuz bu \u00e7al\u0131\u015fmada veri analiti\u011finden<\/div>\r\n<div>yapay zekaya sens\u00f6rlere sim\u00fclasyona karanl\u0131k fabrikalara ak\u0131ll\u0131 sistemelre dijital ikize verinin ele<\/div>\r\n<div>al\u0131n\u0131\u015f ve anlamland\u0131r\u0131l\u0131\u015f \u015fekline kadar bir\u00e7ok konuda detayl\u0131 olarak konu\u015fuldu. <a href=\"https:\/\/www.tekislastik.com\/tr\/\">Teki\u015f Lastik<\/a> Genel<\/div>\r\n<div>M\u00fcd\u00fcr\u00fc Kenan TEK\u0130N ve birim m\u00fcd\u00fcrlerinin kat\u0131ld\u0131\u011f\u0131 program, te\u015fekk\u00fcr konu\u015fmalar\u0131n\u0131n ard\u0131ndan<\/div>\r\n<div>son buldu.<\/div>\r\n<\/div>\r\n<\/div>\r\n<\/div>\r\n[\/vc_column_text][\/vc_column][\/vc_row]","protected":false},"excerpt":{"rendered":"[vc_row pix_particles_check=&#8221;&#8221;][vc_column][vc_column_text] Teki\u015f Lastikten Dijitalle\u015fmeye Yat\u0131r\u0131m Teki\u015f Lastikten Dijitalle\u015fmeye Yat\u0131r\u0131m, \u0130stanbul Sanayi Odas\u0131\u2019n\u0131n, Sanayi Bakanl\u0131\u011f\u0131, Avrupa \u0130\u015fletmeler A\u011f\u0131, \u0130leti\u015fim Yaz\u0131l\u0131m\u2019\u0131n katk\u0131lar\u0131 ile haz\u0131rlanan i\u015fletmelerin dijital d\u00f6n\u00fc\u015f\u00fcm yol haritas\u0131 dan\u0131\u015fmanl\u0131k projesi kapsam\u0131nda \u015firketimizin dijital olgunluk analizini \u00f6l\u00e7t\u00fcrd\u00fck. End\u00fcstri 4.0, dijitalle\u015fme, end\u00fcstriyel&#8230;","protected":false},"author":1,"featured_media":17587,"comment_status":"open","ping_status":"open","sticky":false,"template":"","format":"standard","meta":{"footnotes":""},"categories":[1019],"tags":[6426,4704,4710,641,253,7390,6380,6377],"class_list":["post-19352","post","type-post","status-publish","format-standard","has-post-thumbnail","hentry","category-etkinlikler-ve-fuarlar","tag-dijital","tag-dijitallesme","tag-endustri-4-0","tag-endustriyel","tag-lastik","tag-rd-tr","tag-sim","tag-tekis-lastik"],"_links":{"self":[{"href":"https:\/\/www.tekislastik.com\/tr\/wp-json\/wp\/v2\/posts\/19352","targetHints":{"allow":["GET"]}}],"collection":[{"href":"https:\/\/www.tekislastik.com\/tr\/wp-json\/wp\/v2\/posts"}],"about":[{"href":"https:\/\/www.tekislastik.com\/tr\/wp-json\/wp\/v2\/types\/post"}],"author":[{"embeddable":true,"href":"https:\/\/www.tekislastik.com\/tr\/wp-json\/wp\/v2\/users\/1"}],"replies":[{"embeddable":true,"href":"https:\/\/www.tekislastik.com\/tr\/wp-json\/wp\/v2\/comments?post=19352"}],"version-history":[{"count":2,"href":"https:\/\/www.tekislastik.com\/tr\/wp-json\/wp\/v2\/posts\/19352\/revisions"}],"predecessor-version":[{"id":79026,"href":"https:\/\/www.tekislastik.com\/tr\/wp-json\/wp\/v2\/posts\/19352\/revisions\/79026"}],"wp:featuredmedia":[{"embeddable":true,"href":"https:\/\/www.tekislastik.com\/tr\/wp-json\/wp\/v2\/media\/17587"}],"wp:attachment":[{"href":"https:\/\/www.tekislastik.com\/tr\/wp-json\/wp\/v2\/media?parent=19352"}],"wp:term":[{"taxonomy":"category","embeddable":true,"href":"https:\/\/www.tekislastik.com\/tr\/wp-json\/wp\/v2\/categories?post=19352"},{"taxonomy":"post_tag","embeddable":true,"href":"https:\/\/www.tekislastik.com\/tr\/wp-json\/wp\/v2\/tags?post=19352"}],"curies":[{"name":"wp","href":"https:\/\/api.w.org\/{rel}","templated":true}]}}