{"id":19337,"date":"2022-03-14T07:44:58","date_gmt":"2022-03-14T07:44:58","guid":{"rendered":"https:\/\/www.tekislastik.com\/istanbul-ticaret-universitesi-ogrencileri-ile-bir-araya-geldik"},"modified":"2026-03-05T11:48:48","modified_gmt":"2026-03-05T08:48:48","slug":"ogrenciler-ile-bir-araya-geldik","status":"publish","type":"post","link":"https:\/\/www.tekislastik.com\/tr\/ogrenciler-ile-bir-araya-geldik\/","title":{"rendered":"\u00d6\u011frenciler ile Bir Araya Geldik"},"content":{"rendered":"<p>[vc_row pix_particles_check=&#8221;&#8221;][vc_column][vc_column_text]<\/p>\r\n<h2 style=\"text-align: center;\"><strong>\u00d6\u011frenciler ile Bir Araya Geldik<\/strong><\/h2>\r\n<p>\u00d6\u011frenciler ile Bir Araya Geldik, \u0130stanbul Ticaret \u00dcniversitesi Kariyer Merkezi(KAMER)\u2019in d\u00fczenlemi\u015f oldu\u011fu, \u00dcretim Sekt\u00f6r\u00fcnde \u0130\u015fe Al\u0131m S\u00fcre\u00e7leri ve Kariyer Y\u00f6netimi konulu online seminerin konu\u011fu <a href=\"https:\/\/www.tekislastik.com\/tr\/\">Teki\u015f Lastik<\/a> Genel M\u00fcd\u00fcr\u00fc Kenan Tekin\u2019idi.<\/p>\r\n<p>Kariyer Merkezi M\u00fcd\u00fcr\u00fc U\u011fur Kaya moderat\u00f6rl\u00fc\u011f\u00fcnde ba\u015flayan programda, Tekin, Teki\u015f Lastik\u2019in ba\u015far\u0131 hikayesinden, End\u00fcstri 4.0\u2019a ve \u00f6\u011frencilere kariyer tavsiyelerine kadar bir\u00e7ok konu hakk\u0131nda bilgiler verdi.<\/p>\r\n<p><!-- \/wp:post-content -->\u00a0<\/p>\r\n<!-- wp:image {\"align\":\"left\",\"id\":18091,\"width\":488,\"height\":325,\"sizeSlug\":\"large\",\"linkDestination\":\"none\"} -->\r\n<div class=\"wp-block-image\">\r\n<figure class=\"alignleft size-large is-resized\"><img loading=\"lazy\" decoding=\"async\" class=\"wp-image-18091\" src=\"https:\/\/www.tekislastik.com\/wp-content\/uploads\/2021\/12\/IMG_1519-1024x683.jpg\" alt=\"\" width=\"488\" height=\"325\" title=\"\" srcset=\"https:\/\/www.tekislastik.com\/wp-content\/uploads\/2021\/12\/IMG_1519-1024x683.jpg 1024w, https:\/\/www.tekislastik.com\/wp-content\/uploads\/2021\/12\/IMG_1519-300x200.jpg 300w, https:\/\/www.tekislastik.com\/wp-content\/uploads\/2021\/12\/IMG_1519-768x512.jpg 768w, https:\/\/www.tekislastik.com\/wp-content\/uploads\/2021\/12\/IMG_1519-1536x1024.jpg 1536w, https:\/\/www.tekislastik.com\/wp-content\/uploads\/2021\/12\/IMG_1519-2048x1365.jpg 2048w, https:\/\/www.tekislastik.com\/wp-content\/uploads\/2021\/12\/IMG_1519-600x400.jpg 600w\" sizes=\"auto, (max-width: 488px) 100vw, 488px\" \/><\/figure>\r\n<\/div>\r\n<p>Tekin, bundan 25 y\u0131l \u00f6nce 60 M2 bir alanda \u00e7ok k\u0131s\u0131tl\u0131 \u015fartlarda ve s\u0131n\u0131rl\u0131 bir m\u00fc\u015fteri kitlesine hitap ederek \u00fcretime ba\u015flad\u0131k. Bug\u00fcn 3.000 M2 alanda \u00fcretim yap\u0131yoruz. Ve \u00fcretti\u011fimizin %60\u2019\u0131n\u0131 35 \u00fclkeye ihra\u00e7 ediyoruz. \u015eirket olarak; yass\u0131 lastik, bebe lastik, kordon, \u015ferit,\u00a0 lastikli kemer, simli lastik, ba\u011fc\u0131k, biye, ayakkab\u0131 ba\u011fc\u0131\u011f\u0131, \u00e7izgili lastik, saten kurdele, dokuma lastik, s\u0131k\u0131 dokuma lastik, \u00e7ift mekik konfeksiyon lastik, fikseli s\u0131k\u0131 dokuma lastik, fikseli oluklu lastik, hortum ask\u0131 desen, petek desen lastik, merdiven desen lastik yan desen lastik (\u00e7ift tarafl\u0131), simli s\u0131k\u0131 dokuma lastik, simli konfeksiyon lastik, simli renge reng lastik, t\u00fct\u00fc lastik, jakar lastik, yumu\u015fak simli lastik, f\u0131rf\u0131rl\u0131 dokuma lastik, diki\u015f ipli\u011fi lastik, \u00f6zel mus lastik, simli s\u0131k\u0131 dokuma ba\u011fc\u0131k lastik, anima desen lastik, gipeli dokuma lastik, texmal sert hortum desen lastik, \u00f6zel merdiven desen ask\u0131 lastik, oluklu s\u0131k\u0131 dokuma lastik, pantolon ask\u0131s\u0131 ba\u015fta olmak \u00fczere y\u00fczlerce <a href=\"https:\/\/www.habbyaccessories.com.tr\/\" target=\"_blank\" rel=\"noopener\">\u00fcr\u00fcnler \u00fcretiyoruz.<\/a><\/p>\r\n<p>\u00d6\u011frenciler ile Bir Araya Geldik, \u015eirket olarak bir yandan kendi b\u00fcnyemizde Ar- Ge faaliyetleri y\u00fcr\u00fct\u00fcrken di\u011fer yandan \u00fcniversitelerle projeler geli\u015ftiriyoruz. Hedeflerimize eri\u015fmek i\u00e7in yorulmadan ilerliyoruz. Teki\u015f Lastik olarak pozitif ayr\u0131mc\u0131l\u0131\u011fa da \u00f6nem veriyoruz. Bug\u00fcn \u00e7al\u0131\u015fanlar\u0131m\u0131z\u0131n yars\u0131ndan fazlas\u0131 kad\u0131n personellerimizden olu\u015fmaktad\u0131r.<\/p>\r\n<p>Teki\u015f Lastik, her bir \u00e7al\u0131\u015fan\u0131n\u0131n ki\u015fisel geli\u015fimine \u00f6nem verir. Bu ba\u011flamda Teki\u015f Akademi\u2019yi kurduk. Her ay personellerimizin geli\u015fimi i\u00e7in farkl\u0131 konularla alakal\u0131 e\u011fitimler ald\u0131r\u0131yoruz. Sadece bu da de\u011fil, \u00e7e\u015fitli kurum ve kurulu\u015flar ile yapt\u0131\u011f\u0131m\u0131z protokoller kapsam\u0131nda personelimiz indirimli hizmetlerinden faydalanabiliyorlar.<\/p>\r\n<p>\u00d6\u011frenciler ile Bir Araya Geldik, \u00d6\u011frencilere tavsiyelerde de bulunan Tekin, \u0130\u015f ya\u015fam\u0131nda her zaman riskler ve sorunlar olabilir. Kariyer yolculu\u011funun hen\u00fcz daha ba\u015f\u0131nda olan \u00f6\u011frencilerimize \u00f6nerim \u015fudur: Kar\u015f\u0131la\u015ft\u0131\u011f\u0131n\u0131z her problem \u00f6\u011frenece\u011finiz yeni \u015feyler demektir. O nedenle hayatta risk almaktan ve sorunlar\u0131n \u00fczerine gitmekten \u00e7ekinmeyin.<\/p>\r\n<!-- \/wp:image -->\r\n<p>&nbsp;<\/p>\r\n<p>[\/vc_column_text][\/vc_column][\/vc_row]<\/p>","protected":false},"excerpt":{"rendered":"[vc_row pix_particles_check=&#8221;&#8221;][vc_column][vc_column_text] \u00d6\u011frenciler ile Bir Araya Geldik \u00d6\u011frenciler ile Bir Araya Geldik, \u0130stanbul Ticaret \u00dcniversitesi Kariyer Merkezi(KAMER)\u2019in d\u00fczenlemi\u015f oldu\u011fu, \u00dcretim Sekt\u00f6r\u00fcnde \u0130\u015fe Al\u0131m S\u00fcre\u00e7leri ve Kariyer Y\u00f6netimi konulu online seminerin konu\u011fu Teki\u015f Lastik Genel M\u00fcd\u00fcr\u00fc Kenan Tekin\u2019idi. Kariyer Merkezi M\u00fcd\u00fcr\u00fc&#8230;","protected":false},"author":1,"featured_media":18090,"comment_status":"open","ping_status":"open","sticky":false,"template":"","format":"standard","meta":{"footnotes":""},"categories":[1019],"tags":[6371,6485,631,696,789,255,8063,6340,660,6341,6443,316,4710,1021,6381,729,7385,7946,714,716,6488,6568,6569,677,254,1022,6540,730,706,6337,1016,646,1017,719,7905,6653,728,413,7836,6428,7583,643,298,759,764,626,4709,717,7857,6377,632,7511,727,6238,638,6458],"class_list":["post-19337","post","type-post","status-publish","format-standard","has-post-thumbnail","hentry","category-etkinlikler-ve-fuarlar","tag-accessories-tr","tag-aski","tag-bagcik","tag-baliksirti-serit","tag-bebe-lastik","tag-biye","tag-cotton-herringbone-tr","tag-dar-dokuma-tr","tag-dikis","tag-dokuma-tr","tag-dokuma-lastik","tag-elastik","tag-endustri-4-0","tag-fikseli-oluklu-lastik","tag-herringbone","tag-hortum-desen-lastik","tag-industry-4-0-tr","tag-innovative-tr","tag-katlanir","tag-katlanir-lastik","tag-kemer","tag-konfeksiyon","tag-konfeksiyon-lastik","tag-kordon","tag-kurdele","tag-lastikli-kemer","tag-merdiven-desen","tag-merdiven-desen-lastik","tag-moda","tag-narrow-weaving-tr","tag-pamuk-baliksirti-serit","tag-pamuklu","tag-pamuklu-bant","tag-pantolon","tag-patterns-tr","tag-petek-desen","tag-petek-desen-lastik","tag-polyester-tr","tag-process-tr","tag-projeler","tag-rubber-tr","tag-saten","tag-saten-kurdele","tag-siki-dokuma","tag-siki-dokuma-lastik","tag-simli","tag-simli-konfeksiyon-lastik","tag-simli-lastik","tag-suspenders-tr","tag-tekis-lastik","tag-tekstil","tag-woven-tr","tag-yan-desen-lastik","tag-yassi-lastik","tag-yenilikci","tag-yumusak"],"_links":{"self":[{"href":"https:\/\/www.tekislastik.com\/tr\/wp-json\/wp\/v2\/posts\/19337","targetHints":{"allow":["GET"]}}],"collection":[{"href":"https:\/\/www.tekislastik.com\/tr\/wp-json\/wp\/v2\/posts"}],"about":[{"href":"https:\/\/www.tekislastik.com\/tr\/wp-json\/wp\/v2\/types\/post"}],"author":[{"embeddable":true,"href":"https:\/\/www.tekislastik.com\/tr\/wp-json\/wp\/v2\/users\/1"}],"replies":[{"embeddable":true,"href":"https:\/\/www.tekislastik.com\/tr\/wp-json\/wp\/v2\/comments?post=19337"}],"version-history":[{"count":2,"href":"https:\/\/www.tekislastik.com\/tr\/wp-json\/wp\/v2\/posts\/19337\/revisions"}],"predecessor-version":[{"id":79030,"href":"https:\/\/www.tekislastik.com\/tr\/wp-json\/wp\/v2\/posts\/19337\/revisions\/79030"}],"wp:featuredmedia":[{"embeddable":true,"href":"https:\/\/www.tekislastik.com\/tr\/wp-json\/wp\/v2\/media\/18090"}],"wp:attachment":[{"href":"https:\/\/www.tekislastik.com\/tr\/wp-json\/wp\/v2\/media?parent=19337"}],"wp:term":[{"taxonomy":"category","embeddable":true,"href":"https:\/\/www.tekislastik.com\/tr\/wp-json\/wp\/v2\/categories?post=19337"},{"taxonomy":"post_tag","embeddable":true,"href":"https:\/\/www.tekislastik.com\/tr\/wp-json\/wp\/v2\/tags?post=19337"}],"curies":[{"name":"wp","href":"https:\/\/api.w.org\/{rel}","templated":true}]}}