{"id":55792,"date":"2023-02-13T06:34:55","date_gmt":"2023-02-13T06:34:55","guid":{"rendered":"https:\/\/www.tekislastik.com\/?p=55792"},"modified":"2023-03-01T14:18:34","modified_gmt":"2023-03-01T14:18:34","slug":"tekis-lastik-auf-der-hh-koeln-2023","status":"publish","type":"post","link":"https:\/\/www.tekislastik.com\/de\/tekis-lastik-auf-der-hh-koeln-2023\/","title":{"rendered":"Teki\u015f Lastik auf der h+h K\u00f6ln 2023"},"content":{"rendered":"[vc_row pix_particles_check=&#8220;&#8220;][vc_column][vc_column_text]\r\n<h2 style=\"text-align: center;\">Innovation vorantreiben: Die umweltfreundlichen und unverwechselbaren elastischen Produkte von Teki\u015f Lastik auf der h+h K\u00f6ln 2023<\/h2>\r\n[\/vc_column_text][\/vc_column][\/vc_row][vc_row pix_particles_check=&#8220;&#8220;][vc_column][vc_column_text el_class=&#8220;text-darking&#8220;]Als Teilnehmer der Messe h+h K\u00f6ln 2023 freut sich Teki\u015f Lastik darauf, seine nachhaltigen und einzigartigen elastischen L\u00f6sungen zu pr\u00e4sentieren. Unsere Produkte heben sich in Bezug auf Umweltfreundlichkeit und Innovation von unseren Mitbewerbern ab. Wir sind davon \u00fcberzeugt, dass unser Ansatz zur Herstellung elastischer Produkte positive Auswirkungen auf die Umwelt hat und gleichzeitig den Bed\u00fcrfnissen unserer Kunden gerecht wird.\r\n\r\nBei <a href=\"https:\/\/www.tekislastik.com\/de\/\">Teki\u015f Lastik<\/a> haben wir uns verpflichtet, recycelte Materialien f\u00fcr unsere Verpackungen zu verwenden. Unser Ansatz der Nachhaltigkeit geht \u00fcber die Produktion von Gummib\u00e4ndern hinaus und erstreckt sich auch auf das Design unserer Verpackungen. Wir sind der Meinung, dass es wichtig ist, die Auswirkungen auf die Umwelt in jeder Phase unseres Produktionsprozesses zu reduzieren. Die Verwendung von Recycling-Materialien in unseren Verpackungen kann dazu beitragen, Abfall zu reduzieren und andere zu ermutigen, unserem Beispiel zu folgen.\r\n\r\nAber unser umweltfreundlicher Ansatz h\u00f6rt nicht bei der Verpackung auf. Auch bei der Entwicklung unserer elastischen Produkte achten wir auf Nachhaltigkeit. Wir verwenden Materialien, die weniger umweltsch\u00e4dlich sind, wie z. B. Naturkautschuk, und wir recyceln so viele unserer Abf\u00e4lle wie m\u00f6glich. Auf diese Weise verringern wir unseren CO2-Fu\u00dfabdruck und tragen zu einer nachhaltigeren Zukunft bei.\r\n\r\nZus\u00e4tzlich zu unserer Umweltfreundlichkeit sind die Produkte von Teki\u015f Lastik auch einzigartig und innovativ. Wir verwenden eine Kombination aus hochwertigen Materialien und fortschrittlichen Fertigungstechniken, um langlebige, zuverl\u00e4ssige und effektive elastische Produkte herzustellen. Unser Expertenteam arbeitet st\u00e4ndig an der Verbesserung unserer Produkte, damit wir unseren Kunden die bestm\u00f6glichen L\u00f6sungen anbieten k\u00f6nnen.\r\nAuf der h+h Cologne 2023 werden wir unser Sortiment an elastischen Produkten, einschlie\u00dflich Kordeln, gewebten B\u00e4ndern, Schr\u00e4gband und Paracord, in Verpackungen aus recycelten Materialien pr\u00e4sentieren. Unsere Produkte sind so konzipiert, dass sie die Bed\u00fcrfnisse unserer Kunden erf\u00fcllen und gleichzeitig einen Beitrag zu einer nachhaltigeren und umweltfreundlicheren Zukunft leisten.\r\n\r\nIm Einklang mit dem Messemotto &#8222;be creative. be unique.&#8220; widmet sich Teki\u015f Lastik der Bereitstellung elastischer Produktl\u00f6sungen, die sowohl nachhaltig als auch innovativ sind. Wir glauben, dass unser Ansatz zur Herstellung elastischer Produkte andere in der Branche inspirieren kann, unserem Beispiel zu folgen und eine nachhaltigere Zukunft zu schaffen. Wir freuen uns darauf, an der diesj\u00e4hrigen Messe teilzunehmen und unsere nachhaltigen und einzigartigen elastischen Produkte vorzustellen.[\/vc_column_text][\/vc_column][\/vc_row][vc_row pix_particles_check=&#8220;&#8220;][vc_column]<div class=\"d-inline-block \" ><div class=\"pix-img-el    text-left d-inline-block  w-100 rounded-0\"  ><img loading=\"lazy\" decoding=\"async\" class=\"card-img2 pix-img-elem rounded-0  h-1002\" style=\"height:auto;\" width=\"738\" height=\"416\" srcset=\"https:\/\/www.tekislastik.com\/wp-content\/uploads\/2022\/12\/Cologne-2018.jpg 738w, https:\/\/www.tekislastik.com\/wp-content\/uploads\/2022\/12\/Cologne-2018-300x169.jpg 300w, https:\/\/www.tekislastik.com\/wp-content\/uploads\/2022\/12\/Cologne-2018-600x338.jpg 600w\" sizes=\"auto, (max-width: 738px) 100vw, 738px\" src=\"https:\/\/www.tekislastik.com\/wp-content\/uploads\/2022\/12\/Cologne-2018.jpg\" alt=\"\" title=\"\"><\/div><\/div>[\/vc_column][\/vc_row]","protected":false},"excerpt":{"rendered":"[vc_row pix_particles_check=&#8220;&#8220;][vc_column][vc_column_text] Innovation vorantreiben: Die umweltfreundlichen und unverwechselbaren elastischen Produkte von Teki\u015f Lastik auf der h+h K\u00f6ln 2023 [\/vc_column_text][\/vc_column][\/vc_row][vc_row pix_particles_check=&#8220;&#8220;][vc_column][vc_column_text el_class=&#8220;text-darking&#8220;]Als Teilnehmer der Messe h+h K\u00f6ln 2023 freut sich Teki\u015f Lastik darauf, seine nachhaltigen und einzigartigen elastischen L\u00f6sungen zu pr\u00e4sentieren&#8230;.","protected":false},"author":1,"featured_media":23480,"comment_status":"open","ping_status":"open","sticky":false,"template":"","format":"standard","meta":{"footnotes":""},"categories":[4130],"tags":[121,122,103,439,7814,104,117,118,6739,7207,132,7250,7590,253,7195,3694,437,6986,180,6987,4691,7192,6884,4686,7947,175,4705,5211,4175,3764,6895,176,114,6377,6876,3719,7251,7458,36],"class_list":["post-55792","post","type-post","status-publish","format-standard","has-post-thumbnail","hentry","category-bloggen","tag-bias","tag-bias-binding","tag-cord","tag-durable","tag-durable-de","tag-elastic","tag-environment","tag-fair","tag-hh-cologne","tag-hh-cologne-de","tag-high-quality","tag-innovative","tag-innovative-de","tag-lastik","tag-messe","tag-nachhaltigkeit","tag-packaging","tag-packaging-de","tag-paracord","tag-paracord-de","tag-process","tag-process-de","tag-quality-de","tag-quality","tag-recyceln","tag-recycle","tag-rubber","tag-rubber-de","tag-schragband","tag-schraegband","tag-sustainability-de","tag-sustainability","tag-tape","tag-tekis-lastik","tag-tekis-lastik-de","tag-verpackung","tag-woven","tag-woven-de","tag-woven-tape"],"_links":{"self":[{"href":"https:\/\/www.tekislastik.com\/de\/wp-json\/wp\/v2\/posts\/55792","targetHints":{"allow":["GET"]}}],"collection":[{"href":"https:\/\/www.tekislastik.com\/de\/wp-json\/wp\/v2\/posts"}],"about":[{"href":"https:\/\/www.tekislastik.com\/de\/wp-json\/wp\/v2\/types\/post"}],"author":[{"embeddable":true,"href":"https:\/\/www.tekislastik.com\/de\/wp-json\/wp\/v2\/users\/1"}],"replies":[{"embeddable":true,"href":"https:\/\/www.tekislastik.com\/de\/wp-json\/wp\/v2\/comments?post=55792"}],"version-history":[{"count":0,"href":"https:\/\/www.tekislastik.com\/de\/wp-json\/wp\/v2\/posts\/55792\/revisions"}],"wp:featuredmedia":[{"embeddable":true,"href":"https:\/\/www.tekislastik.com\/de\/wp-json\/wp\/v2\/media\/23480"}],"wp:attachment":[{"href":"https:\/\/www.tekislastik.com\/de\/wp-json\/wp\/v2\/media?parent=55792"}],"wp:term":[{"taxonomy":"category","embeddable":true,"href":"https:\/\/www.tekislastik.com\/de\/wp-json\/wp\/v2\/categories?post=55792"},{"taxonomy":"post_tag","embeddable":true,"href":"https:\/\/www.tekislastik.com\/de\/wp-json\/wp\/v2\/tags?post=55792"}],"curies":[{"name":"wp","href":"https:\/\/api.w.org\/{rel}","templated":true}]}}