{"id":49957,"date":"2022-11-25T12:52:04","date_gmt":"2022-11-25T12:52:04","guid":{"rendered":"https:\/\/www.tekislastik.com\/?p=49957"},"modified":"2023-03-02T07:11:18","modified_gmt":"2023-03-02T07:11:18","slug":"tekis-lastik-praesentiert-neueste-elastik-innovationen-auf-der-hh-koeln-2019","status":"publish","type":"post","link":"https:\/\/www.tekislastik.com\/de\/tekis-lastik-praesentiert-neueste-elastik-innovationen-auf-der-hh-koeln-2019\/","title":{"rendered":"Teki\u015f Lastik pr\u00e4sentiert neueste Elastik-Innovationen auf der h+h K\u00f6ln 2019"},"content":{"rendered":"[vc_row pix_particles_check=&#8220;&#8220;][vc_column]<div  class=\"pix-heading-el text-center \"><div><div class=\"slide-in-container\"><h2 class=\"text-dark-opacity-7 font-weight-bold heading-text el-title_custom_color mb-12\" style=\"\" data-anim-type=\"\" data-anim-delay=\"0\">Teki\u015f Lastik pr\u00e4sentiert neueste Elastik-Innovationen auf der h+h K\u00f6ln 2019<\/h2><\/div><\/div><\/div>[vc_column_text el_class=&#8220;text-darking&#8220;]\r\n<div class=\"group\">\r\n\r\nK\u00f6ln, Deutschland &#8211; <a href=\"https:\/\/www.tekislastik.com\/de\/\">Teki\u015f Lastik<\/a>, ein f\u00fchrender Hersteller von elastischen Materialien, nahm an der h+h K\u00f6ln 2019 teil und stellte den Besuchern seine neuesten elastischen Innovationen vor. Die j\u00e4hrlich in K\u00f6ln stattfindende Messe ist eine weithin anerkannte Plattform f\u00fcr Textilhandwerk, die Branchenexperten und Fachleute aus der ganzen Welt zusammenbringt.\r\n\r\nAuf der Messe pr\u00e4sentierte Teki\u015f Lastik sein umfassendes Angebot an Elastics, das die neuesten technologischen Innovationen und Fortschritte in der Elastic-Industrie umfasst. Die Besucher hatten die M\u00f6glichkeit, sich aus n\u00e4chster N\u00e4he ein Bild von den einzigartigen Designs und der hervorragenden Qualit\u00e4t der Elastiks von Teki\u015f Lastik zu machen. Die Vertreter des Unternehmens standen auch zur Verf\u00fcgung, um Informationen zu geben und Fragen zu ihren Produkten zu beantworten.\r\n\r\n&#8222;Wir freuen uns sehr, an dieser wichtigen Veranstaltung f\u00fcr die Branche teilzunehmen&#8220;, sagte ein Sprecher von Teki\u015f Lastik. &#8222;Wir haben uns der Entwicklung innovativer elastischer Produkte verschrieben, die eine au\u00dfergew\u00f6hnliche Leistung und Haltbarkeit bieten. Die h+h K\u00f6ln Messe gibt uns die M\u00f6glichkeit, unsere neuesten Produkte zu pr\u00e4sentieren und mit Fachleuten aus der ganzen Welt in Kontakt zu treten.&#8220;\r\n\r\nDie Teilnahme von Teki\u015f Lastik an der Messe war ein durchschlagender Erfolg, da viele Besucher ihr Interesse an den Produkten und den einzigartigen Eigenschaften, die sie von anderen elastischen Marken unterscheiden, zum Ausdruck brachten. Das Engagement des Unternehmens f\u00fcr einzigartiges elastisches Design und Qualit\u00e4t hat es zu einem herausragenden Akteur in der elastischen Industrie gemacht.\r\n\r\n&#8222;Wir sind dankbar f\u00fcr das positive Feedback, das wir auf der Messe erhalten haben&#8220;, f\u00fcgte die Sprecherin hinzu. &#8222;Es motiviert uns, unsere Produkte weiter zu erneuern und zu verbessern, um die Bed\u00fcrfnisse unserer Kunden zu erf\u00fcllen.&#8220;\r\n\r\nDie h+h Messe in K\u00f6ln bot Teki\u015f Lastik eine hervorragende Gelegenheit, seine neuesten elastischen Innovationen zu pr\u00e4sentieren und mit Fachleuten aus der ganzen Welt in Kontakt zu treten. Mit ihrem Engagement f\u00fcr einzigartiges elastisches Design und ihrer Verpflichtung zu Qualit\u00e4t etabliert sich Teki\u015f Lastik weiterhin als ein f\u00fchrender Akteur in der elastischen Industrie.\r\n\r\n<\/div>\r\n[\/vc_column_text][\/vc_column][\/vc_row][vc_row pix_particles_check=&#8220;&#8220;][vc_column][\/vc_column][\/vc_row]","protected":false},"excerpt":{"rendered":"[vc_row pix_particles_check=&#8220;&#8220;][vc_column][vc_column_text el_class=&#8220;text-darking&#8220;] K\u00f6ln, Deutschland &#8211; Teki\u015f Lastik, ein f\u00fchrender Hersteller von elastischen Materialien, nahm an der h+h K\u00f6ln 2019 teil und stellte den Besuchern seine neuesten elastischen Innovationen vor. Die j\u00e4hrlich in K\u00f6ln stattfindende Messe ist eine weithin anerkannte&#8230;","protected":false},"author":1,"featured_media":23480,"comment_status":"open","ping_status":"open","sticky":false,"template":"","format":"standard","meta":{"footnotes":""},"categories":[4131],"tags":[6905,104,6899,6906,5117,316,7197,7207,7590,253,7195,4695,6884,6377,6876],"class_list":["post-49957","post","type-post","status-publish","format-standard","has-post-thumbnail","hentry","category-veranstaltungen-und-messe","tag-durability-de","tag-elastic","tag-elastic-de","tag-elastic-manufacturer-de","tag-elastik-de-2","tag-elastik","tag-fair-de","tag-hh-cologne-de","tag-innovative-de","tag-lastik","tag-messe","tag-qualitat","tag-quality-de","tag-tekis-lastik","tag-tekis-lastik-de"],"_links":{"self":[{"href":"https:\/\/www.tekislastik.com\/de\/wp-json\/wp\/v2\/posts\/49957","targetHints":{"allow":["GET"]}}],"collection":[{"href":"https:\/\/www.tekislastik.com\/de\/wp-json\/wp\/v2\/posts"}],"about":[{"href":"https:\/\/www.tekislastik.com\/de\/wp-json\/wp\/v2\/types\/post"}],"author":[{"embeddable":true,"href":"https:\/\/www.tekislastik.com\/de\/wp-json\/wp\/v2\/users\/1"}],"replies":[{"embeddable":true,"href":"https:\/\/www.tekislastik.com\/de\/wp-json\/wp\/v2\/comments?post=49957"}],"version-history":[{"count":0,"href":"https:\/\/www.tekislastik.com\/de\/wp-json\/wp\/v2\/posts\/49957\/revisions"}],"wp:featuredmedia":[{"embeddable":true,"href":"https:\/\/www.tekislastik.com\/de\/wp-json\/wp\/v2\/media\/23480"}],"wp:attachment":[{"href":"https:\/\/www.tekislastik.com\/de\/wp-json\/wp\/v2\/media?parent=49957"}],"wp:term":[{"taxonomy":"category","embeddable":true,"href":"https:\/\/www.tekislastik.com\/de\/wp-json\/wp\/v2\/categories?post=49957"},{"taxonomy":"post_tag","embeddable":true,"href":"https:\/\/www.tekislastik.com\/de\/wp-json\/wp\/v2\/tags?post=49957"}],"curies":[{"name":"wp","href":"https:\/\/api.w.org\/{rel}","templated":true}]}}