{"id":49945,"date":"2022-11-25T10:48:52","date_gmt":"2022-11-25T10:48:52","guid":{"rendered":"https:\/\/www.tekislastik.com\/?p=49945"},"modified":"2023-05-09T06:01:42","modified_gmt":"2023-05-09T06:01:42","slug":"tekis-lastik-und-investitionen-in-die-digitalisierung","status":"publish","type":"post","link":"https:\/\/www.tekislastik.com\/de\/tekis-lastik-und-investitionen-in-die-digitalisierung\/","title":{"rendered":"Teki\u015f Lastik und Investitionen in die Digitalisierung 1"},"content":{"rendered":"[vc_row pix_particles_check=&#8220;&#8220;][vc_column][vc_column_text]\r\n<div class=\"elementor-element elementor-element-684d28f0 elementor-widget elementor-widget-text-editor\" data-id=\"684d28f0\" data-element_type=\"widget\" data-widget_type=\"text-editor.default\">\r\n<div class=\"elementor-widget-container\">\r\n<div class=\"elementor-text-editor elementor-clearfix\">\r\n<p class=\"styled-subtitle\">Sich ver\u00e4nderndes und sich schnell ver\u00e4nderndes Informationszeitalter; Alles von der Produktion \u00fcber das Personal bis hin zum Management, die Konsumgewohnheiten werden digitalisiert. In diesem Zusammenhang ist Teki\u015f Lastik immer offen f\u00fcr Innovationen und hat daf\u00fcr das Digital Office eingerichtet<\/p>\r\n\r\n<\/div>\r\n<\/div>\r\n<\/div>\r\n<div class=\"elementor-element elementor-element-4bd4cc2d elementor-widget elementor-widget-text-editor\" data-id=\"4bd4cc2d\" data-element_type=\"widget\" data-widget_type=\"text-editor.default\">\r\n<div class=\"elementor-widget-container\">\r\n<div class=\"elementor-text-editor elementor-clearfix\">\r\n\r\nKenan, General Manager von <a href=\"https:\/\/www.tekislastik.com\/de\/\">Teki\u015f Lastik<\/a>, \u00e4u\u00dfert sich zu diesem Thema wie folgt: \u201eTEK\u0130N ist das Spiegelbild einer Strategie, die wir im Rahmen unseres Digital Office entwickelt haben. Die digitale Transformation ist die Perspektive der Zukunft.\u201c\r\n\r\nTEK\u0130N: \u201eIn Zukunft werden Produktionsanlagen mit Systemen der k\u00fcnstlichen Intelligenz ausgestattet sein, die auf Automatisierung basieren und in jeder Phase Daten generieren und sich selbst weiterentwickeln. Die Personalressourcen werden ausgehend von diesem Bedarf von Null an konzipiert. Dementsprechend haben wir dieses B\u00fcro gegr\u00fcndet, um sicherzustellen, dass diese Vision verwirklicht wird, um Projekte in diesem Zusammenhang zu entwickeln und um eine neue digitale Perspektive in den Handel zu bringen, indem wir unsere Einheit f\u00fcr digitalen Handel und digitalen Export hier positionieren.\u201c\r\n\r\nTEK\u0130N: \u201eIn der kommenden Zeit werden wir neue Projekte in Form von Kooperationen zwischen Universit\u00e4t und Industrie entwickeln, um die Digitalisierung voranzutreiben.\u201c\r\n\r\nTeki\u015f Lastik und Investitionen in die Digitalisierung.\r\n\r\n<\/div>\r\n<\/div>\r\n<\/div>\r\n[\/vc_column_text][\/vc_column][\/vc_row]","protected":false},"excerpt":{"rendered":"[vc_row pix_particles_check=&#8220;&#8220;][vc_column][vc_column_text] Sich ver\u00e4nderndes und sich schnell ver\u00e4nderndes Informationszeitalter; Alles von der Produktion \u00fcber das Personal bis hin zum Management, die Konsumgewohnheiten werden digitalisiert. In diesem Zusammenhang ist Teki\u015f Lastik immer offen f\u00fcr Innovationen und hat daf\u00fcr das Digital Office&#8230;","protected":false},"author":1,"featured_media":23486,"comment_status":"open","ping_status":"open","sticky":false,"template":"","format":"standard","meta":{"footnotes":""},"categories":[4131],"tags":[4697,7203,5086,6876,7193],"class_list":["post-49945","post","type-post","status-publish","format-standard","has-post-thumbnail","hentry","category-veranstaltungen-und-messe","tag-digitalisierung","tag-digitalization-de","tag-lastik-de-3","tag-tekis-lastik-de","tag-university-industry-cooperation-de"],"_links":{"self":[{"href":"https:\/\/www.tekislastik.com\/de\/wp-json\/wp\/v2\/posts\/49945","targetHints":{"allow":["GET"]}}],"collection":[{"href":"https:\/\/www.tekislastik.com\/de\/wp-json\/wp\/v2\/posts"}],"about":[{"href":"https:\/\/www.tekislastik.com\/de\/wp-json\/wp\/v2\/types\/post"}],"author":[{"embeddable":true,"href":"https:\/\/www.tekislastik.com\/de\/wp-json\/wp\/v2\/users\/1"}],"replies":[{"embeddable":true,"href":"https:\/\/www.tekislastik.com\/de\/wp-json\/wp\/v2\/comments?post=49945"}],"version-history":[{"count":0,"href":"https:\/\/www.tekislastik.com\/de\/wp-json\/wp\/v2\/posts\/49945\/revisions"}],"wp:featuredmedia":[{"embeddable":true,"href":"https:\/\/www.tekislastik.com\/de\/wp-json\/wp\/v2\/media\/23486"}],"wp:attachment":[{"href":"https:\/\/www.tekislastik.com\/de\/wp-json\/wp\/v2\/media?parent=49945"}],"wp:term":[{"taxonomy":"category","embeddable":true,"href":"https:\/\/www.tekislastik.com\/de\/wp-json\/wp\/v2\/categories?post=49945"},{"taxonomy":"post_tag","embeddable":true,"href":"https:\/\/www.tekislastik.com\/de\/wp-json\/wp\/v2\/tags?post=49945"}],"curies":[{"name":"wp","href":"https:\/\/api.w.org\/{rel}","templated":true}]}}