{"id":37679,"date":"2022-08-08T06:30:30","date_gmt":"2022-08-08T06:30:30","guid":{"rendered":"https:\/\/www.tekislastik.com\/?p=37679"},"modified":"2023-03-01T12:27:10","modified_gmt":"2023-03-01T12:27:10","slug":"tekis-lastik-pd-projekt","status":"publish","type":"post","link":"https:\/\/www.tekislastik.com\/de\/tekis-lastik-pd-projekt\/","title":{"rendered":"Teki\u015f Lastik P&#038;D Projekt"},"content":{"rendered":"[vc_row pix_particles_check=&#8220;&#8220;][vc_column]<div  class=\"pix-heading-el text-center \"><div><div class=\"slide-in-container\"><h2 class=\"text-dark-opacity-7 font-weight-bold heading-text el-title_custom_color mb-12\" style=\"\" data-anim-type=\"\" data-anim-delay=\"0\">TEK\u0130\u015e ELAST\u0130C P&amp;D PROJEKT<\/h2><\/div><\/div><\/div>[\/vc_column][\/vc_row][vc_row pix_particles_check=&#8220;&#8220;][vc_column]<div class=\"pix-el-text w-100  \" ><p class=\"  text-dark-opacity-6  \" >Hungersn\u00f6te, D\u00fcrren, Naturkatastrophen und Infektionskrankheiten nehmen weltweit zu. Verschiedene Institutionen und Organisationen, insbesondere die Vereinten Nationen und die Europ\u00e4ische Union, f\u00fchren verschiedene Studien durch, um diese Probleme zu l\u00f6sen. Einige dieser Studien sind das \u00dcbereinkommen der Vereinten Nationen \u00fcber Klima\u00e4nderungen, der Europ\u00e4ische Gr\u00fcne Konsens, das Pariser Abkommen, das Kyoto-Protokoll, das Wiener \u00dcbereinkommen und das Montrealer Protokoll.<\/p><\/div><div class=\"pix-el-text w-100  \" ><p class=\"  text-dark-opacity-6  \" > Auf der Grundlage von Regierungen, Nichtregierungsorganisationen, der Industrie und jedem einzelnen Menschen, der auf der Welt lebt, m\u00fcssen Schritte unternommen werden, um diese Probleme zu l\u00f6sen, die die Menschheit in die Katastrophe f\u00fchren. Tats\u00e4chlich hat UN-Generalsekret\u00e4r Ant\u00f3nio Guterres bei der Er\u00f6ffnungssitzung der Vereinten Nationen im Jahr 2021 diese Schritte erw\u00e4hnt und gefordert, dass so schnell wie m\u00f6glich gehandelt wird. An dieser Stelle r\u00fcckt der Begriff der Nachhaltigkeit in den Vordergrund.<\/p><\/div><div class=\"pix-el-text w-100  \" ><p class=\"  text-dark-opacity-6  \" > Als <a href=\"https:\/\/www.tekislastik.com\/de\/\">Teki\u015f Elastic<\/a> arbeiten wir f\u00fcr eine nachhaltige Welt und unsere Verantwortung gegen\u00fcber sozialen, humanit\u00e4ren und zuk\u00fcnftigen Generationen. Eines davon ist unsere Beteiligung am Ur-Ge-Projekt \u201eNachhaltige Textilien\u201c, das im Rahmen der Zusammenarbeit zwischen dem Handelsministerium und der Istanbul Textiles and Raw Materials Exporters\u2019 Association (\u0130TH\u0130B) organisiert wird. Im Rahmen des Projekts im Rahmen des auf 3 jahre angelegten Projekts, an dem 24 Unternehmen beteiligt sind, werden die in diesem Zusammenhang vorgesehenen strategien umgesetzt, indem die Nachhaltigkeitskultur auf ein h\u00f6heres niveau gehoben, mit dem europ\u00e4ischen Gr\u00fcnen abkommen und dem Nachhaltigkeitsaktionsplan harmonisiert wird. <\/p><\/div><div class=\"pix-el-text w-100  \" ><p class=\"  text-dark-opacity-6  \" >Institutionen und Organisationen weiterentwickeln, die Nachhaltigkeitskultur auf ein h\u00f6heres Niveau heben, diese Kultur in allen Phasen unseres Unternehmens anwenden, eine nachhaltige \u00d6kologie einschlie\u00dflich der Lieferkette schaffen und den Anteil nachhaltiger Produkte in der Produktion erh\u00f6hen.<\/p><\/div><div class=\"pix-el-text w-100  \" ><p class=\"  text-dark-opacity-6  \" >Im Rahmen unserer Arbeit haben wir unsere Nachhaltigkeitsrichtlinien erstellt. Wir haben unsere Lieferanten informiert. Au\u00dferdem haben wir einige unserer Mitarbeiter zum Thema Nachhaltigkeitstransformation geschult. Wir begannen, unsere Abteilungsleiter zu diesem Thema zu schulen. Im Rahmen der Hochschul-Industrie Kooperation haben wir Gespr\u00e4che mit unseren Akademikern \u00fcber Entwicklungsf\u00e4hige gr\u00fcne Projekte aufgenommen. Wir haben die digitale Transformation f\u00fcr unser Unternehmen gestartet. Eines unserer Transformationsziele ist es, den digitalen Produktpass zu erstellen und den CO2-Fu\u00dfabdruck so akzeptabel wie m\u00f6glich zu gestalten. Teki\u015f Elastic unternimmt feste Schritte, um eine nachhaltige und gr\u00fcne Konzeptmarke zu werden. <\/p><\/div>[\/vc_column][\/vc_row]","protected":false},"excerpt":{"rendered":"[vc_row pix_particles_check=&#8220;&#8220;][vc_column][\/vc_column][\/vc_row][vc_row pix_particles_check=&#8220;&#8220;][vc_column][\/vc_column][\/vc_row]","protected":false},"author":1,"featured_media":39254,"comment_status":"open","ping_status":"open","sticky":false,"template":"","format":"standard","meta":{"footnotes":""},"categories":[4130],"tags":[104,6899,7020,5086,253,3694,7025,6895,6377,6876,7193,4680],"class_list":["post-37679","post","type-post","status-publish","format-standard","has-post-thumbnail","hentry","category-bloggen","tag-elastic","tag-elastic-de","tag-green-de","tag-lastik-de-3","tag-lastik","tag-nachhaltigkeit","tag-products-de","tag-sustainability-de","tag-tekis-lastik","tag-tekis-lastik-de","tag-university-industry-cooperation-de","tag-unternehmen"],"_links":{"self":[{"href":"https:\/\/www.tekislastik.com\/de\/wp-json\/wp\/v2\/posts\/37679","targetHints":{"allow":["GET"]}}],"collection":[{"href":"https:\/\/www.tekislastik.com\/de\/wp-json\/wp\/v2\/posts"}],"about":[{"href":"https:\/\/www.tekislastik.com\/de\/wp-json\/wp\/v2\/types\/post"}],"author":[{"embeddable":true,"href":"https:\/\/www.tekislastik.com\/de\/wp-json\/wp\/v2\/users\/1"}],"replies":[{"embeddable":true,"href":"https:\/\/www.tekislastik.com\/de\/wp-json\/wp\/v2\/comments?post=37679"}],"version-history":[{"count":0,"href":"https:\/\/www.tekislastik.com\/de\/wp-json\/wp\/v2\/posts\/37679\/revisions"}],"wp:featuredmedia":[{"embeddable":true,"href":"https:\/\/www.tekislastik.com\/de\/wp-json\/wp\/v2\/media\/39254"}],"wp:attachment":[{"href":"https:\/\/www.tekislastik.com\/de\/wp-json\/wp\/v2\/media?parent=37679"}],"wp:term":[{"taxonomy":"category","embeddable":true,"href":"https:\/\/www.tekislastik.com\/de\/wp-json\/wp\/v2\/categories?post=37679"},{"taxonomy":"post_tag","embeddable":true,"href":"https:\/\/www.tekislastik.com\/de\/wp-json\/wp\/v2\/tags?post=37679"}],"curies":[{"name":"wp","href":"https:\/\/api.w.org\/{rel}","templated":true}]}}